{"id":1409,"date":"2024-12-09T19:58:11","date_gmt":"2024-12-09T19:58:11","guid":{"rendered":"https:\/\/nuevaweb.sierranativo.com\/?p=1409"},"modified":"2024-12-11T02:02:23","modified_gmt":"2024-12-11T02:02:23","slug":"mochilas-de-la-comunidad-kogui","status":"publish","type":"post","link":"https:\/\/sierranativo.com\/en\/mochilas-de-la-comunidad-kogui\/","title":{"rendered":"The backpacks of the Kogui community."},"content":{"rendered":"<div data-elementor-type=\"wp-post\" data-elementor-id=\"1409\" class=\"elementor elementor-1409\" data-elementor-post-type=\"post\">\n\t\t\t\t<div class=\"elementor-element elementor-element-750c511 e-flex e-con-boxed e-con e-parent\" data-id=\"750c511\" data-element_type=\"container\" data-e-type=\"container\">\n\t\t\t\t\t<div class=\"e-con-inner\">\n\t\t\t\t<div class=\"elementor-element elementor-element-d02fdb2 elementor-widget elementor-widget-heading\" data-id=\"d02fdb2\" data-element_type=\"widget\" data-e-type=\"widget\" data-widget_type=\"heading.default\">\n\t\t\t\t\t<h2 class=\"elementor-heading-title elementor-size-default\">Las mochilas en la cultura de la comunidad kogui<\/h2>\t\t\t\t<\/div>\n\t\t\t\t<div class=\"elementor-element elementor-element-4dfc19d elementor-widget elementor-widget-text-editor\" data-id=\"4dfc19d\" data-element_type=\"widget\" data-e-type=\"widget\" data-widget_type=\"text-editor.default\">\n\t\t\t\t\t\t\t\t\t<p>Las mochilas desempe\u00f1an un importante papel en la cultura de la comunidad Kogui, siendo mucho m\u00e1s que simples accesorios. Estas piezas representan una conexi\u00f3n con la madre tierra, son tejidas con dedicaci\u00f3n y maestr\u00eda por las mujeres de la comunidad Kogui. Este arte del tejido se transmite de generaci\u00f3n en generaci\u00f3n, con las ni\u00f1as Kogui iniciando su aprendizaje a una edad temprana, entre los 5 y 6 a\u00f1os.<\/p><p>El tejido de mochilas es todo un proceso, donde las j\u00f3venes aprendices comienzan tejiendo en un solo color, el blanco, simbolizando la pureza y la simplicidad. Con el tiempo al cumplir alrededor de 13 a\u00f1os, comienzan a incorporar tintes naturales en sus dise\u00f1os, a\u00f1adiendo una rica paleta de hermosos colores que reflejan la diversidad y belleza de la naturaleza que las rodea.<\/p>\t\t\t\t\t\t\t\t<\/div>\n\t\t\t\t\t<\/div>\n\t\t\t\t<\/div>\n\t\t<div class=\"elementor-element elementor-element-1a27d0f e-flex e-con-boxed e-con e-parent\" data-id=\"1a27d0f\" data-element_type=\"container\" data-e-type=\"container\">\n\t\t\t\t\t<div class=\"e-con-inner\">\n\t\t<div class=\"elementor-element elementor-element-42c0055 e-con-full e-flex e-con e-child\" data-id=\"42c0055\" data-element_type=\"container\" data-e-type=\"container\">\n\t\t\t\t<div class=\"elementor-element elementor-element-01e82cb elementor-widget elementor-widget-image\" data-id=\"01e82cb\" data-element_type=\"widget\" data-e-type=\"widget\" data-widget_type=\"image.default\">\n\t\t\t\t\t\t\t\t\t\t\t\t\t\t\t<img fetchpriority=\"high\" decoding=\"async\" width=\"683\" height=\"1024\" src=\"https:\/\/sierranativo.com\/wp-content\/uploads\/2024\/11\/Mochilas-de-la-Comunidad-Kogui-en-la-Sierra-Nevada-de-Santa-Marta-683x1024.webp\" class=\"attachment-large size-large wp-image-1098\" alt=\"\" srcset=\"https:\/\/sierranativo.com\/wp-content\/uploads\/2024\/11\/Mochilas-de-la-Comunidad-Kogui-en-la-Sierra-Nevada-de-Santa-Marta-683x1024.webp 683w, https:\/\/sierranativo.com\/wp-content\/uploads\/2024\/11\/Mochilas-de-la-Comunidad-Kogui-en-la-Sierra-Nevada-de-Santa-Marta-200x300.webp 200w, https:\/\/sierranativo.com\/wp-content\/uploads\/2024\/11\/Mochilas-de-la-Comunidad-Kogui-en-la-Sierra-Nevada-de-Santa-Marta-768x1152.webp 768w, https:\/\/sierranativo.com\/wp-content\/uploads\/2024\/11\/Mochilas-de-la-Comunidad-Kogui-en-la-Sierra-Nevada-de-Santa-Marta-1024x1536.webp 1024w, https:\/\/sierranativo.com\/wp-content\/uploads\/2024\/11\/Mochilas-de-la-Comunidad-Kogui-en-la-Sierra-Nevada-de-Santa-Marta-1365x2048.webp 1365w, https:\/\/sierranativo.com\/wp-content\/uploads\/2024\/11\/Mochilas-de-la-Comunidad-Kogui-en-la-Sierra-Nevada-de-Santa-Marta-400x600.webp 400w, https:\/\/sierranativo.com\/wp-content\/uploads\/2024\/11\/Mochilas-de-la-Comunidad-Kogui-en-la-Sierra-Nevada-de-Santa-Marta-scaled.webp 1707w\" sizes=\"(max-width: 683px) 100vw, 683px\" \/>\t\t\t\t\t\t\t\t\t\t\t\t\t\t\t<\/div>\n\t\t\t\t<\/div>\n\t\t<div class=\"elementor-element elementor-element-8f9aab9 e-con-full e-flex e-con e-child\" data-id=\"8f9aab9\" data-element_type=\"container\" data-e-type=\"container\">\n\t\t\t\t<div class=\"elementor-element elementor-element-6a6d616 elementor-widget elementor-widget-heading\" data-id=\"6a6d616\" data-element_type=\"widget\" data-e-type=\"widget\" data-widget_type=\"heading.default\">\n\t\t\t\t\t<h2 class=\"elementor-heading-title elementor-size-default\">Producci\u00f3n de mochilas <\/h2>\t\t\t\t<\/div>\n\t\t\t\t<div class=\"elementor-element elementor-element-5c96afa elementor-widget elementor-widget-text-editor\" data-id=\"5c96afa\" data-element_type=\"widget\" data-e-type=\"widget\" data-widget_type=\"text-editor.default\">\n\t\t\t\t\t\t\t\t\t<p>Para llegar a este destino recorreremos las faldas de la sierra nevada de santa marta hasta la ubicaci\u00f3n de esta comunidad que se encuentra a los 800mts (sobre el nivel del mar), llegamos a ellos a trav\u00e9s un sendero monta\u00f1oso rodeado de selva tropical, caminos empinados y el sonido de los r\u00edos que lo rodean, esto guiados por nativos ind\u00edgenas de la comunidad Kogui los que a su vez durante el trayecto hablar\u00e1n sobre la fauna y flora \u00a0que habitan la zona mientras disfrutas las espectaculares vistas de Sierra Nevada.<\/p>\t\t\t\t\t\t\t\t<\/div>\n\t\t\t\t<\/div>\n\t\t\t\t\t<\/div>\n\t\t\t\t<\/div>\n\t\t<div class=\"elementor-element elementor-element-80bb32e e-flex e-con-boxed e-con e-parent\" data-id=\"80bb32e\" data-element_type=\"container\" data-e-type=\"container\">\n\t\t\t\t\t<div class=\"e-con-inner\">\n\t\t\t\t<div class=\"elementor-element elementor-element-a2051f7 elementor-widget elementor-widget-heading\" data-id=\"a2051f7\" data-element_type=\"widget\" data-e-type=\"widget\" data-widget_type=\"heading.default\">\n\t\t\t\t\t<h2 class=\"elementor-heading-title elementor-size-default\">Tintes y Colores <\/h2>\t\t\t\t<\/div>\n\t\t\t\t<div class=\"elementor-element elementor-element-f7beeda elementor-widget elementor-widget-text-editor\" data-id=\"f7beeda\" data-element_type=\"widget\" data-e-type=\"widget\" data-widget_type=\"text-editor.default\">\n\t\t\t\t\t\t\t\t\t<p>La obtenci\u00f3n de los colores para te\u00f1ir las fibras de las mochilas es otro proceso meticuloso y laborioso. Algunos m\u00e9todos pueden tardar hasta 2 meses en completarse, ya que los tintes se obtienen a partir de fuentes naturales como plantas, ra\u00edces y minerales presentes en la regi\u00f3n. Cada color tiene un significado simb\u00f3lico, que refleja la cosmovisi\u00f3n y la conexi\u00f3n espiritual de los Kogui con la madre tierra.<\/p>\t\t\t\t\t\t\t\t<\/div>\n\t\t\t\t\t<\/div>\n\t\t\t\t<\/div>\n\t\t<div class=\"elementor-element elementor-element-8d6296e e-flex e-con-boxed e-con e-parent\" data-id=\"8d6296e\" data-element_type=\"container\" data-e-type=\"container\">\n\t\t\t\t\t<div class=\"e-con-inner\">\n\t\t<div class=\"elementor-element elementor-element-9c12089 e-con-full e-flex e-con e-child\" data-id=\"9c12089\" data-element_type=\"container\" data-e-type=\"container\">\n\t\t\t\t<div class=\"elementor-element elementor-element-f90ee9d elementor-widget elementor-widget-image\" data-id=\"f90ee9d\" data-element_type=\"widget\" data-e-type=\"widget\" data-widget_type=\"image.default\">\n\t\t\t\t\t\t\t\t\t\t\t\t\t\t\t<img decoding=\"async\" width=\"683\" height=\"1024\" src=\"https:\/\/sierranativo.com\/wp-content\/uploads\/2024\/11\/Mochilas-artesanias-kogui-683x1024.webp\" class=\"attachment-large size-large wp-image-1100\" alt=\"\" srcset=\"https:\/\/sierranativo.com\/wp-content\/uploads\/2024\/11\/Mochilas-artesanias-kogui-683x1024.webp 683w, https:\/\/sierranativo.com\/wp-content\/uploads\/2024\/11\/Mochilas-artesanias-kogui-200x300.webp 200w, https:\/\/sierranativo.com\/wp-content\/uploads\/2024\/11\/Mochilas-artesanias-kogui-768x1152.webp 768w, https:\/\/sierranativo.com\/wp-content\/uploads\/2024\/11\/Mochilas-artesanias-kogui-1024x1536.webp 1024w, https:\/\/sierranativo.com\/wp-content\/uploads\/2024\/11\/Mochilas-artesanias-kogui-1365x2048.webp 1365w, https:\/\/sierranativo.com\/wp-content\/uploads\/2024\/11\/Mochilas-artesanias-kogui-400x600.webp 400w, https:\/\/sierranativo.com\/wp-content\/uploads\/2024\/11\/Mochilas-artesanias-kogui-scaled.webp 1707w\" sizes=\"(max-width: 683px) 100vw, 683px\" \/>\t\t\t\t\t\t\t\t\t\t\t\t\t\t\t<\/div>\n\t\t\t\t<\/div>\n\t\t<div class=\"elementor-element elementor-element-a61a418 e-con-full e-flex e-con e-child\" data-id=\"a61a418\" data-element_type=\"container\" data-e-type=\"container\">\n\t\t\t\t<div class=\"elementor-element elementor-element-bb799fc elementor-widget elementor-widget-text-editor\" data-id=\"bb799fc\" data-element_type=\"widget\" data-e-type=\"widget\" data-widget_type=\"text-editor.default\">\n\t\t\t\t\t\t\t\t\t<p>Estas mochilas son mucho m\u00e1s que simples accesorios, son portadoras de la historia, la cultura y la identidad de la comunidad Kogui. Cada patr\u00f3n, cada color, cada tejido lleva consigo siglos de sabidur\u00eda y tradici\u00f3n, transmitidos de generaci\u00f3n en generaci\u00f3n. A trav\u00e9s de estas piezas de arte, los Kogui comparten su profundo respeto y amor por la tierra y su deseo de preservarla para las generaciones futuras.<\/p>\t\t\t\t\t\t\t\t<\/div>\n\t\t\t\t<\/div>\n\t\t\t\t\t<\/div>\n\t\t\t\t<\/div>\n\t\t<div class=\"elementor-element elementor-element-ba9913f e-flex e-con-boxed e-con e-parent\" data-id=\"ba9913f\" data-element_type=\"container\" data-e-type=\"container\">\n\t\t\t\t\t<div class=\"e-con-inner\">\n\t\t\t\t<div class=\"elementor-element elementor-element-e529c2b elementor-widget elementor-widget-text-editor\" data-id=\"e529c2b\" data-element_type=\"widget\" data-e-type=\"widget\" data-widget_type=\"text-editor.default\">\n\t\t\t\t\t\t\t\t\t<p>Visitar la comunidad Kogui en la Sierra Nevada de Santa Marta es una oportunidad \u00fanica para sumergirse en esta rica tradici\u00f3n y aprender directamente de aquellos que la mantienen viva. Al conocer m\u00e1s sobre el proceso de tejido, la simbolog\u00eda de los dise\u00f1os y el significado detr\u00e1s de cada color, los visitantes pueden apreciar a\u00fan m\u00e1s la belleza y la importancia cultural de estas hermosas mochilas.<\/p>\t\t\t\t\t\t\t\t<\/div>\n\t\t\t\t\t<\/div>\n\t\t\t\t<\/div>\n\t\t<div class=\"elementor-element elementor-element-056bf1c e-con-full e-flex e-con e-child\" data-id=\"056bf1c\" data-element_type=\"container\" data-e-type=\"container\">\n\t\t<div class=\"elementor-element elementor-element-ffcc78f e-con-full e-flex e-con e-child\" data-id=\"ffcc78f\" data-element_type=\"container\" data-e-type=\"container\">\n\t\t\t\t<div class=\"elementor-element elementor-element-0bf78ef elementor-widget__width-initial elementor-widget elementor-widget-heading\" data-id=\"0bf78ef\" data-element_type=\"widget\" data-e-type=\"widget\" data-widget_type=\"heading.default\">\n\t\t\t\t\t<span class=\"elementor-heading-title elementor-size-default\">Conoce m\u00e1s aqu\u00ed: <\/span>\t\t\t\t<\/div>\n\t\t\t\t<div class=\"elementor-element elementor-element-003799e elementor-align-center elementor-mobile-align-center elementor-widget__width-initial elementor-widget-mobile__width-initial elementor-widget elementor-widget-button\" data-id=\"003799e\" data-element_type=\"widget\" data-e-type=\"widget\" data-widget_type=\"button.default\">\n\t\t\t\t\t\t\t\t\t\t<a class=\"elementor-button elementor-button-link elementor-size-sm\" href=\"https:\/\/sierranativo.com\/en\/blog\/\">\n\t\t\t\t\t\t<span class=\"elementor-button-content-wrapper\">\n\t\t\t\t\t\t\t\t\t<span class=\"elementor-button-text\">Saber m\u00e1s<\/span>\n\t\t\t\t\t<\/span>\n\t\t\t\t\t<\/a>\n\t\t\t\t\t\t\t\t<\/div>\n\t\t\t\t<\/div>\n\t\t<div class=\"elementor-element elementor-element-f77223f e-con-full e-flex e-con e-child\" data-id=\"f77223f\" data-element_type=\"container\" data-e-type=\"container\">\n\t\t\t\t<div class=\"elementor-element elementor-element-bac1029 elementor-widget elementor-widget-heading\" data-id=\"bac1029\" data-element_type=\"widget\" data-e-type=\"widget\" data-widget_type=\"heading.default\">\n\t\t\t\t\t<h2 class=\"elementor-heading-title elementor-size-default\">Conoce m\u00e1s en nuestras redes:<\/h2>\t\t\t\t<\/div>\n\t\t\t\t<div class=\"elementor-element elementor-element-0ac7708 e-grid-align-left e-grid-align-mobile-center elementor-shape-rounded elementor-grid-0 elementor-widget elementor-widget-social-icons\" data-id=\"0ac7708\" data-element_type=\"widget\" data-e-type=\"widget\" data-widget_type=\"social-icons.default\">\n\t\t\t\t\t\t\t<div class=\"elementor-social-icons-wrapper elementor-grid\" role=\"list\">\n\t\t\t\t\t\t\t<span class=\"elementor-grid-item\" role=\"listitem\">\n\t\t\t\t\t<a class=\"elementor-icon elementor-social-icon elementor-social-icon-facebook elementor-repeater-item-2fe7014\" href=\"https:\/\/www.facebook.com\/sierranativo\" target=\"_blank\">\n\t\t\t\t\t\t<span class=\"elementor-screen-only\">Facebook<\/span>\n\t\t\t\t\t\t<svg aria-hidden=\"true\" class=\"e-font-icon-svg e-fab-facebook\" viewbox=\"0 0 512 512\" xmlns=\"http:\/\/www.w3.org\/2000\/svg\"><path d=\"M504 256C504 119 393 8 256 8S8 119 8 256c0 123.78 90.69 226.38 209.25 245V327.69h-63V256h63v-54.64c0-62.15 37-96.48 93.67-96.48 27.14 0 55.52 4.84 55.52 4.84v61h-31.28c-30.8 0-40.41 19.12-40.41 38.73V256h68.78l-11 71.69h-57.78V501C413.31 482.38 504 379.78 504 256z\"><\/path><\/svg>\t\t\t\t\t<\/a>\n\t\t\t\t<\/span>\n\t\t\t\t\t\t\t<span class=\"elementor-grid-item\" role=\"listitem\">\n\t\t\t\t\t<a class=\"elementor-icon elementor-social-icon elementor-social-icon-instagram elementor-repeater-item-4472b43\" href=\"https:\/\/www.instagram.com\/sierranativo.co\/\" target=\"_blank\">\n\t\t\t\t\t\t<span class=\"elementor-screen-only\">Instagram<\/span>\n\t\t\t\t\t\t<svg aria-hidden=\"true\" class=\"e-font-icon-svg e-fab-instagram\" viewbox=\"0 0 448 512\" xmlns=\"http:\/\/www.w3.org\/2000\/svg\"><path d=\"M224.1 141c-63.6 0-114.9 51.3-114.9 114.9s51.3 114.9 114.9 114.9S339 319.5 339 255.9 287.7 141 224.1 141zm0 189.6c-41.1 0-74.7-33.5-74.7-74.7s33.5-74.7 74.7-74.7 74.7 33.5 74.7 74.7-33.6 74.7-74.7 74.7zm146.4-194.3c0 14.9-12 26.8-26.8 26.8-14.9 0-26.8-12-26.8-26.8s12-26.8 26.8-26.8 26.8 12 26.8 26.8zm76.1 27.2c-1.7-35.9-9.9-67.7-36.2-93.9-26.2-26.2-58-34.4-93.9-36.2-37-2.1-147.9-2.1-184.9 0-35.8 1.7-67.6 9.9-93.9 36.1s-34.4 58-36.2 93.9c-2.1 37-2.1 147.9 0 184.9 1.7 35.9 9.9 67.7 36.2 93.9s58 34.4 93.9 36.2c37 2.1 147.9 2.1 184.9 0 35.9-1.7 67.7-9.9 93.9-36.2 26.2-26.2 34.4-58 36.2-93.9 2.1-37 2.1-147.8 0-184.8zM398.8 388c-7.8 19.6-22.9 34.7-42.6 42.6-29.5 11.7-99.5 9-132.1 9s-102.7 2.6-132.1-9c-19.6-7.8-34.7-22.9-42.6-42.6-11.7-29.5-9-99.5-9-132.1s-2.6-102.7 9-132.1c7.8-19.6 22.9-34.7 42.6-42.6 29.5-11.7 99.5-9 132.1-9s102.7-2.6 132.1 9c19.6 7.8 34.7 22.9 42.6 42.6 11.7 29.5 9 99.5 9 132.1s2.7 102.7-9 132.1z\"><\/path><\/svg>\t\t\t\t\t<\/a>\n\t\t\t\t<\/span>\n\t\t\t\t\t\t\t<span class=\"elementor-grid-item\" role=\"listitem\">\n\t\t\t\t\t<a class=\"elementor-icon elementor-social-icon elementor-social-icon-whatsapp elementor-repeater-item-d66ba37\" href=\"https:\/\/api.whatsapp.com\/send\/?phone=573133107828&#038;text=Hola+Sierra+Nativo%2C+Necesito+m%C3%A1s+informaci%C3%B3n+sobre&#038;type=phone_number&#038;app_absent=0\" target=\"_blank\">\n\t\t\t\t\t\t<span class=\"elementor-screen-only\">Whatsapp<\/span>\n\t\t\t\t\t\t<svg aria-hidden=\"true\" class=\"e-font-icon-svg e-fab-whatsapp\" viewbox=\"0 0 448 512\" xmlns=\"http:\/\/www.w3.org\/2000\/svg\"><path d=\"M380.9 97.1C339 55.1 283.2 32 223.9 32c-122.4 0-222 99.6-222 222 0 39.1 10.2 77.3 29.6 111L0 480l117.7-30.9c32.4 17.7 68.9 27 106.1 27h.1c122.3 0 224.1-99.6 224.1-222 0-59.3-25.2-115-67.1-157zm-157 341.6c-33.2 0-65.7-8.9-94-25.7l-6.7-4-69.8 18.3L72 359.2l-4.4-7c-18.5-29.4-28.2-63.3-28.2-98.2 0-101.7 82.8-184.5 184.6-184.5 49.3 0 95.6 19.2 130.4 54.1 34.8 34.9 56.2 81.2 56.1 130.5 0 101.8-84.9 184.6-186.6 184.6zm101.2-138.2c-5.5-2.8-32.8-16.2-37.9-18-5.1-1.9-8.8-2.8-12.5 2.8-3.7 5.6-14.3 18-17.6 21.8-3.2 3.7-6.5 4.2-12 1.4-32.6-16.3-54-29.1-75.5-66-5.7-9.8 5.7-9.1 16.3-30.3 1.8-3.7.9-6.9-.5-9.7-1.4-2.8-12.5-30.1-17.1-41.2-4.5-10.8-9.1-9.3-12.5-9.5-3.2-.2-6.9-.2-10.6-.2-3.7 0-9.7 1.4-14.8 6.9-5.1 5.6-19.4 19-19.4 46.3 0 27.3 19.9 53.7 22.6 57.4 2.8 3.7 39.1 59.7 94.8 83.8 35.2 15.2 49 16.5 66.6 13.9 10.7-1.6 32.8-13.4 37.4-26.4 4.6-13 4.6-24.1 3.2-26.4-1.3-2.5-5-3.9-10.5-6.6z\"><\/path><\/svg>\t\t\t\t\t<\/a>\n\t\t\t\t<\/span>\n\t\t\t\t\t\t\t<span class=\"elementor-grid-item\" role=\"listitem\">\n\t\t\t\t\t<a class=\"elementor-icon elementor-social-icon elementor-social-icon-tiktok elementor-repeater-item-8cbf60b\" href=\"https:\/\/www.tiktok.com\/@sierranativo\" target=\"_blank\">\n\t\t\t\t\t\t<span class=\"elementor-screen-only\">Tiktok<\/span>\n\t\t\t\t\t\t<svg aria-hidden=\"true\" class=\"e-font-icon-svg e-fab-tiktok\" viewbox=\"0 0 448 512\" xmlns=\"http:\/\/www.w3.org\/2000\/svg\"><path d=\"M448,209.91a210.06,210.06,0,0,1-122.77-39.25V349.38A162.55,162.55,0,1,1,185,188.31V278.2a74.62,74.62,0,1,0,52.23,71.18V0l88,0a121.18,121.18,0,0,0,1.86,22.17h0A122.18,122.18,0,0,0,381,102.39a121.43,121.43,0,0,0,67,20.14Z\"><\/path><\/svg>\t\t\t\t\t<\/a>\n\t\t\t\t<\/span>\n\t\t\t\t\t\t\t<span class=\"elementor-grid-item\" role=\"listitem\">\n\t\t\t\t\t<a class=\"elementor-icon elementor-social-icon elementor-social-icon-youtube elementor-repeater-item-3a06732\" href=\"https:\/\/youtube.com\/@sierranativo?si=JAPJfZYQE7y4X1UF\" target=\"_blank\">\n\t\t\t\t\t\t<span class=\"elementor-screen-only\">Youtube<\/span>\n\t\t\t\t\t\t<svg aria-hidden=\"true\" class=\"e-font-icon-svg e-fab-youtube\" viewbox=\"0 0 576 512\" xmlns=\"http:\/\/www.w3.org\/2000\/svg\"><path d=\"M549.655 124.083c-6.281-23.65-24.787-42.276-48.284-48.597C458.781 64 288 64 288 64S117.22 64 74.629 75.486c-23.497 6.322-42.003 24.947-48.284 48.597-11.412 42.867-11.412 132.305-11.412 132.305s0 89.438 11.412 132.305c6.281 23.65 24.787 41.5 48.284 47.821C117.22 448 288 448 288 448s170.78 0 213.371-11.486c23.497-6.321 42.003-24.171 48.284-47.821 11.412-42.867 11.412-132.305 11.412-132.305s0-89.438-11.412-132.305zm-317.51 213.508V175.185l142.739 81.205-142.739 81.201z\"><\/path><\/svg>\t\t\t\t\t<\/a>\n\t\t\t\t<\/span>\n\t\t\t\t\t<\/div>\n\t\t\t\t\t\t<\/div>\n\t\t\t\t<\/div>\n\t\t\t\t<\/div>\n\t\t\t\t<\/div>","protected":false},"excerpt":{"rendered":"<p>Las mochilas en la cultura de la comunidad kogui Las mochilas desempe\u00f1an un importante papel en la cultura de la comunidad Kogui, siendo mucho m\u00e1s que simples accesorios. Estas piezas representan una conexi\u00f3n con la madre tierra, son tejidas con dedicaci\u00f3n y maestr\u00eda por las mujeres de la comunidad Kogui. Este arte del tejido se [&hellip;]<\/p>\n","protected":false},"author":1,"featured_media":1111,"comment_status":"open","ping_status":"open","sticky":false,"template":"","format":"standard","meta":{"_joinchat":[],"footnotes":""},"categories":[1,92],"tags":[],"class_list":["post-1409","post","type-post","status-publish","format-standard","has-post-thumbnail","hentry","category-blog","category-comunidad-kogui"],"blocksy_meta":[],"yoast_head":"<!-- This site is optimized with the Yoast SEO plugin v27.4 - https:\/\/yoast.com\/product\/yoast-seo-wordpress\/ -->\n<title>Las mochilas de la comunidad Kogui<\/title>\n<meta name=\"description\" content=\"Atr\u00e9vete a descubrir los significados de las mochilas en la comunidad Kogui de la Sierra Nevada de Santa Marta.\" \/>\n<meta name=\"robots\" content=\"index, follow, max-snippet:-1, max-image-preview:large, max-video-preview:-1\" \/>\n<link rel=\"canonical\" href=\"https:\/\/sierranativo.com\/en\/mochilas-de-la-comunidad-kogui\/\" \/>\n<meta property=\"og:locale\" content=\"en_US\" \/>\n<meta property=\"og:type\" content=\"article\" \/>\n<meta property=\"og:title\" content=\"Las mochilas de la comunidad Kogui\" \/>\n<meta property=\"og:description\" content=\"Atr\u00e9vete a descubrir los significados de las mochilas en la comunidad Kogui de la Sierra Nevada de Santa Marta.\" \/>\n<meta property=\"og:url\" content=\"https:\/\/sierranativo.com\/en\/mochilas-de-la-comunidad-kogui\/\" \/>\n<meta property=\"og:site_name\" content=\"Sierra Nativo\" \/>\n<meta property=\"article:publisher\" content=\"https:\/\/www.facebook.com\/sierranativo\" \/>\n<meta property=\"article:published_time\" content=\"2024-12-09T19:58:11+00:00\" \/>\n<meta property=\"article:modified_time\" content=\"2024-12-11T02:02:23+00:00\" \/>\n<meta property=\"og:image\" content=\"https:\/\/sierranativo.com\/wp-content\/uploads\/2024\/11\/Tradicion-de-las-mochilas-kogui-scaled.webp\" \/>\n\t<meta property=\"og:image:width\" content=\"2560\" \/>\n\t<meta property=\"og:image:height\" content=\"1707\" \/>\n\t<meta property=\"og:image:type\" content=\"image\/webp\" \/>\n<meta name=\"author\" content=\"sierranativo\" \/>\n<meta name=\"twitter:card\" content=\"summary_large_image\" \/>\n<meta name=\"twitter:label1\" content=\"Written by\" \/>\n\t<meta name=\"twitter:data1\" content=\"sierranativo\" \/>\n\t<meta name=\"twitter:label2\" content=\"Est. reading time\" \/>\n\t<meta name=\"twitter:data2\" content=\"3 minutes\" \/>\n<script type=\"application\/ld+json\" class=\"yoast-schema-graph\">{\"@context\":\"https:\\\/\\\/schema.org\",\"@graph\":[{\"@type\":\"Article\",\"@id\":\"https:\\\/\\\/sierranativo.com\\\/mochilas-de-la-comunidad-kogui\\\/#article\",\"isPartOf\":{\"@id\":\"https:\\\/\\\/sierranativo.com\\\/mochilas-de-la-comunidad-kogui\\\/\"},\"author\":{\"name\":\"sierranativo\",\"@id\":\"https:\\\/\\\/sierranativo.com\\\/#\\\/schema\\\/person\\\/ba1879d0a26634a5cbe300a29baa0b33\"},\"headline\":\"Las mochilas de la comunidad Kogui\",\"datePublished\":\"2024-12-09T19:58:11+00:00\",\"dateModified\":\"2024-12-11T02:02:23+00:00\",\"mainEntityOfPage\":{\"@id\":\"https:\\\/\\\/sierranativo.com\\\/mochilas-de-la-comunidad-kogui\\\/\"},\"wordCount\":498,\"commentCount\":0,\"publisher\":{\"@id\":\"https:\\\/\\\/sierranativo.com\\\/#organization\"},\"image\":{\"@id\":\"https:\\\/\\\/sierranativo.com\\\/mochilas-de-la-comunidad-kogui\\\/#primaryimage\"},\"thumbnailUrl\":\"https:\\\/\\\/sierranativo.com\\\/wp-content\\\/uploads\\\/2024\\\/11\\\/Tradicion-de-las-mochilas-kogui-scaled.webp\",\"articleSection\":[\"Blog\",\"Comunidad Kogui\"],\"inLanguage\":\"en-US\",\"potentialAction\":[{\"@type\":\"CommentAction\",\"name\":\"Comment\",\"target\":[\"https:\\\/\\\/sierranativo.com\\\/mochilas-de-la-comunidad-kogui\\\/#respond\"]}]},{\"@type\":\"WebPage\",\"@id\":\"https:\\\/\\\/sierranativo.com\\\/mochilas-de-la-comunidad-kogui\\\/\",\"url\":\"https:\\\/\\\/sierranativo.com\\\/mochilas-de-la-comunidad-kogui\\\/\",\"name\":\"Las mochilas de la comunidad Kogui\",\"isPartOf\":{\"@id\":\"https:\\\/\\\/sierranativo.com\\\/#website\"},\"primaryImageOfPage\":{\"@id\":\"https:\\\/\\\/sierranativo.com\\\/mochilas-de-la-comunidad-kogui\\\/#primaryimage\"},\"image\":{\"@id\":\"https:\\\/\\\/sierranativo.com\\\/mochilas-de-la-comunidad-kogui\\\/#primaryimage\"},\"thumbnailUrl\":\"https:\\\/\\\/sierranativo.com\\\/wp-content\\\/uploads\\\/2024\\\/11\\\/Tradicion-de-las-mochilas-kogui-scaled.webp\",\"datePublished\":\"2024-12-09T19:58:11+00:00\",\"dateModified\":\"2024-12-11T02:02:23+00:00\",\"description\":\"Atr\u00e9vete a descubrir los significados de las mochilas en la comunidad Kogui de la Sierra Nevada de Santa Marta.\",\"breadcrumb\":{\"@id\":\"https:\\\/\\\/sierranativo.com\\\/mochilas-de-la-comunidad-kogui\\\/#breadcrumb\"},\"inLanguage\":\"en-US\",\"potentialAction\":[{\"@type\":\"ReadAction\",\"target\":[\"https:\\\/\\\/sierranativo.com\\\/mochilas-de-la-comunidad-kogui\\\/\"]}]},{\"@type\":\"ImageObject\",\"inLanguage\":\"en-US\",\"@id\":\"https:\\\/\\\/sierranativo.com\\\/mochilas-de-la-comunidad-kogui\\\/#primaryimage\",\"url\":\"https:\\\/\\\/sierranativo.com\\\/wp-content\\\/uploads\\\/2024\\\/11\\\/Tradicion-de-las-mochilas-kogui-scaled.webp\",\"contentUrl\":\"https:\\\/\\\/sierranativo.com\\\/wp-content\\\/uploads\\\/2024\\\/11\\\/Tradicion-de-las-mochilas-kogui-scaled.webp\",\"width\":2560,\"height\":1707,\"caption\":\"La tradici\u00f3n de las mochilas kogui, aprende sobre la importancia que tienen las mochilas kogui.\"},{\"@type\":\"BreadcrumbList\",\"@id\":\"https:\\\/\\\/sierranativo.com\\\/mochilas-de-la-comunidad-kogui\\\/#breadcrumb\",\"itemListElement\":[{\"@type\":\"ListItem\",\"position\":1,\"name\":\"Portada\",\"item\":\"https:\\\/\\\/sierranativo.com\\\/\"},{\"@type\":\"ListItem\",\"position\":2,\"name\":\"Las mochilas de la comunidad Kogui\"}]},{\"@type\":\"WebSite\",\"@id\":\"https:\\\/\\\/sierranativo.com\\\/#website\",\"url\":\"https:\\\/\\\/sierranativo.com\\\/\",\"name\":\"Sierra Nativo\",\"description\":\"Tours en Santa Marta a Ciudad perdida, Bunkuany, Minca, incluso a las comunidades de la sierra Nevada de Santa Marta.\",\"publisher\":{\"@id\":\"https:\\\/\\\/sierranativo.com\\\/#organization\"},\"alternateName\":\"sierranativo\",\"potentialAction\":[{\"@type\":\"SearchAction\",\"target\":{\"@type\":\"EntryPoint\",\"urlTemplate\":\"https:\\\/\\\/sierranativo.com\\\/?s={search_term_string}\"},\"query-input\":{\"@type\":\"PropertyValueSpecification\",\"valueRequired\":true,\"valueName\":\"search_term_string\"}}],\"inLanguage\":\"en-US\"},{\"@type\":\"Organization\",\"@id\":\"https:\\\/\\\/sierranativo.com\\\/#organization\",\"name\":\"Sierra Nativo\",\"alternateName\":\"Sierranativo\",\"url\":\"https:\\\/\\\/sierranativo.com\\\/\",\"logo\":{\"@type\":\"ImageObject\",\"inLanguage\":\"en-US\",\"@id\":\"https:\\\/\\\/sierranativo.com\\\/#\\\/schema\\\/logo\\\/image\\\/\",\"url\":\"https:\\\/\\\/sierranativo.com\\\/wp-content\\\/uploads\\\/2024\\\/11\\\/cropped-Sierra-Nativo-logo-circular.webp\",\"contentUrl\":\"https:\\\/\\\/sierranativo.com\\\/wp-content\\\/uploads\\\/2024\\\/11\\\/cropped-Sierra-Nativo-logo-circular.webp\",\"width\":512,\"height\":512,\"caption\":\"Sierra Nativo\"},\"image\":{\"@id\":\"https:\\\/\\\/sierranativo.com\\\/#\\\/schema\\\/logo\\\/image\\\/\"},\"sameAs\":[\"https:\\\/\\\/www.facebook.com\\\/sierranativo\",\"https:\\\/\\\/www.instagram.com\\\/sierranativo.co\\\/\",\"https:\\\/\\\/www.tiktok.com\\\/@sierranativo\",\"https:\\\/\\\/youtube.com\\\/@sierranativo?si=JAPJfZYQE7y4X1UF\"]},{\"@type\":\"Person\",\"@id\":\"https:\\\/\\\/sierranativo.com\\\/#\\\/schema\\\/person\\\/ba1879d0a26634a5cbe300a29baa0b33\",\"name\":\"sierranativo\",\"image\":{\"@type\":\"ImageObject\",\"inLanguage\":\"en-US\",\"@id\":\"https:\\\/\\\/secure.gravatar.com\\\/avatar\\\/051b07ead80ae5880a7555f12adcb77ebc63c201ce3aa2afe6aa4e5c058f2363?s=96&d=mm&r=g\",\"url\":\"https:\\\/\\\/secure.gravatar.com\\\/avatar\\\/051b07ead80ae5880a7555f12adcb77ebc63c201ce3aa2afe6aa4e5c058f2363?s=96&d=mm&r=g\",\"contentUrl\":\"https:\\\/\\\/secure.gravatar.com\\\/avatar\\\/051b07ead80ae5880a7555f12adcb77ebc63c201ce3aa2afe6aa4e5c058f2363?s=96&d=mm&r=g\",\"caption\":\"sierranativo\"},\"sameAs\":[\"https:\\\/\\\/sierranativo.com\"],\"url\":\"https:\\\/\\\/sierranativo.com\\\/en\\\/author\\\/sierranativo\\\/\"}]}<\/script>\n<!-- \/ Yoast SEO plugin. -->","yoast_head_json":{"title":"The backpacks of the Kogui community.","description":"Atr\u00e9vete a descubrir los significados de las mochilas en la comunidad Kogui de la Sierra Nevada de Santa Marta.","robots":{"index":"index","follow":"follow","max-snippet":"max-snippet:-1","max-image-preview":"max-image-preview:large","max-video-preview":"max-video-preview:-1"},"canonical":"https:\/\/sierranativo.com\/en\/mochilas-de-la-comunidad-kogui\/","og_locale":"en_US","og_type":"article","og_title":"Las mochilas de la comunidad Kogui","og_description":"Atr\u00e9vete a descubrir los significados de las mochilas en la comunidad Kogui de la Sierra Nevada de Santa Marta.","og_url":"https:\/\/sierranativo.com\/en\/mochilas-de-la-comunidad-kogui\/","og_site_name":"Sierra Nativo","article_publisher":"https:\/\/www.facebook.com\/sierranativo","article_published_time":"2024-12-09T19:58:11+00:00","article_modified_time":"2024-12-11T02:02:23+00:00","og_image":[{"width":2560,"height":1707,"url":"https:\/\/sierranativo.com\/wp-content\/uploads\/2024\/11\/Tradicion-de-las-mochilas-kogui-scaled.webp","type":"image\/webp"}],"author":"sierranativo","twitter_card":"summary_large_image","twitter_misc":{"Written by":"sierranativo","Est. reading time":"3 minutes"},"schema":{"@context":"https:\/\/schema.org","@graph":[{"@type":"Article","@id":"https:\/\/sierranativo.com\/mochilas-de-la-comunidad-kogui\/#article","isPartOf":{"@id":"https:\/\/sierranativo.com\/mochilas-de-la-comunidad-kogui\/"},"author":{"name":"sierranativo","@id":"https:\/\/sierranativo.com\/#\/schema\/person\/ba1879d0a26634a5cbe300a29baa0b33"},"headline":"Las mochilas de la comunidad Kogui","datePublished":"2024-12-09T19:58:11+00:00","dateModified":"2024-12-11T02:02:23+00:00","mainEntityOfPage":{"@id":"https:\/\/sierranativo.com\/mochilas-de-la-comunidad-kogui\/"},"wordCount":498,"commentCount":0,"publisher":{"@id":"https:\/\/sierranativo.com\/#organization"},"image":{"@id":"https:\/\/sierranativo.com\/mochilas-de-la-comunidad-kogui\/#primaryimage"},"thumbnailUrl":"https:\/\/sierranativo.com\/wp-content\/uploads\/2024\/11\/Tradicion-de-las-mochilas-kogui-scaled.webp","articleSection":["Blog","Comunidad Kogui"],"inLanguage":"en-US","potentialAction":[{"@type":"CommentAction","name":"Comment","target":["https:\/\/sierranativo.com\/mochilas-de-la-comunidad-kogui\/#respond"]}]},{"@type":"WebPage","@id":"https:\/\/sierranativo.com\/mochilas-de-la-comunidad-kogui\/","url":"https:\/\/sierranativo.com\/mochilas-de-la-comunidad-kogui\/","name":"The backpacks of the Kogui community.","isPartOf":{"@id":"https:\/\/sierranativo.com\/#website"},"primaryImageOfPage":{"@id":"https:\/\/sierranativo.com\/mochilas-de-la-comunidad-kogui\/#primaryimage"},"image":{"@id":"https:\/\/sierranativo.com\/mochilas-de-la-comunidad-kogui\/#primaryimage"},"thumbnailUrl":"https:\/\/sierranativo.com\/wp-content\/uploads\/2024\/11\/Tradicion-de-las-mochilas-kogui-scaled.webp","datePublished":"2024-12-09T19:58:11+00:00","dateModified":"2024-12-11T02:02:23+00:00","description":"Atr\u00e9vete a descubrir los significados de las mochilas en la comunidad Kogui de la Sierra Nevada de Santa Marta.","breadcrumb":{"@id":"https:\/\/sierranativo.com\/mochilas-de-la-comunidad-kogui\/#breadcrumb"},"inLanguage":"en-US","potentialAction":[{"@type":"ReadAction","target":["https:\/\/sierranativo.com\/mochilas-de-la-comunidad-kogui\/"]}]},{"@type":"ImageObject","inLanguage":"en-US","@id":"https:\/\/sierranativo.com\/mochilas-de-la-comunidad-kogui\/#primaryimage","url":"https:\/\/sierranativo.com\/wp-content\/uploads\/2024\/11\/Tradicion-de-las-mochilas-kogui-scaled.webp","contentUrl":"https:\/\/sierranativo.com\/wp-content\/uploads\/2024\/11\/Tradicion-de-las-mochilas-kogui-scaled.webp","width":2560,"height":1707,"caption":"La tradici\u00f3n de las mochilas kogui, aprende sobre la importancia que tienen las mochilas kogui."},{"@type":"BreadcrumbList","@id":"https:\/\/sierranativo.com\/mochilas-de-la-comunidad-kogui\/#breadcrumb","itemListElement":[{"@type":"ListItem","position":1,"name":"Portada","item":"https:\/\/sierranativo.com\/"},{"@type":"ListItem","position":2,"name":"Las mochilas de la comunidad Kogui"}]},{"@type":"WebSite","@id":"https:\/\/sierranativo.com\/#website","url":"https:\/\/sierranativo.com\/","name":"Sierra Nativo","description":"Tours en Santa Marta a Ciudad perdida, Bunkuany, Minca, incluso a las comunidades de la sierra Nevada de Santa Marta.","publisher":{"@id":"https:\/\/sierranativo.com\/#organization"},"alternateName":"sierranativo","potentialAction":[{"@type":"SearchAction","target":{"@type":"EntryPoint","urlTemplate":"https:\/\/sierranativo.com\/?s={search_term_string}"},"query-input":{"@type":"PropertyValueSpecification","valueRequired":true,"valueName":"search_term_string"}}],"inLanguage":"en-US"},{"@type":"Organization","@id":"https:\/\/sierranativo.com\/#organization","name":"Sierra Nativo","alternateName":"Sierranativo","url":"https:\/\/sierranativo.com\/","logo":{"@type":"ImageObject","inLanguage":"en-US","@id":"https:\/\/sierranativo.com\/#\/schema\/logo\/image\/","url":"https:\/\/sierranativo.com\/wp-content\/uploads\/2024\/11\/cropped-Sierra-Nativo-logo-circular.webp","contentUrl":"https:\/\/sierranativo.com\/wp-content\/uploads\/2024\/11\/cropped-Sierra-Nativo-logo-circular.webp","width":512,"height":512,"caption":"Sierra Nativo"},"image":{"@id":"https:\/\/sierranativo.com\/#\/schema\/logo\/image\/"},"sameAs":["https:\/\/www.facebook.com\/sierranativo","https:\/\/www.instagram.com\/sierranativo.co\/","https:\/\/www.tiktok.com\/@sierranativo","https:\/\/youtube.com\/@sierranativo?si=JAPJfZYQE7y4X1UF"]},{"@type":"Person","@id":"https:\/\/sierranativo.com\/#\/schema\/person\/ba1879d0a26634a5cbe300a29baa0b33","name":"sierranativo","image":{"@type":"ImageObject","inLanguage":"en-US","@id":"https:\/\/secure.gravatar.com\/avatar\/051b07ead80ae5880a7555f12adcb77ebc63c201ce3aa2afe6aa4e5c058f2363?s=96&d=mm&r=g","url":"https:\/\/secure.gravatar.com\/avatar\/051b07ead80ae5880a7555f12adcb77ebc63c201ce3aa2afe6aa4e5c058f2363?s=96&d=mm&r=g","contentUrl":"https:\/\/secure.gravatar.com\/avatar\/051b07ead80ae5880a7555f12adcb77ebc63c201ce3aa2afe6aa4e5c058f2363?s=96&d=mm&r=g","caption":"sierranativo"},"sameAs":["https:\/\/sierranativo.com"],"url":"https:\/\/sierranativo.com\/en\/author\/sierranativo\/"}]}},"_links":{"self":[{"href":"https:\/\/sierranativo.com\/en\/wp-json\/wp\/v2\/posts\/1409","targetHints":{"allow":["GET"]}}],"collection":[{"href":"https:\/\/sierranativo.com\/en\/wp-json\/wp\/v2\/posts"}],"about":[{"href":"https:\/\/sierranativo.com\/en\/wp-json\/wp\/v2\/types\/post"}],"author":[{"embeddable":true,"href":"https:\/\/sierranativo.com\/en\/wp-json\/wp\/v2\/users\/1"}],"replies":[{"embeddable":true,"href":"https:\/\/sierranativo.com\/en\/wp-json\/wp\/v2\/comments?post=1409"}],"version-history":[{"count":5,"href":"https:\/\/sierranativo.com\/en\/wp-json\/wp\/v2\/posts\/1409\/revisions"}],"predecessor-version":[{"id":1418,"href":"https:\/\/sierranativo.com\/en\/wp-json\/wp\/v2\/posts\/1409\/revisions\/1418"}],"wp:featuredmedia":[{"embeddable":true,"href":"https:\/\/sierranativo.com\/en\/wp-json\/wp\/v2\/media\/1111"}],"wp:attachment":[{"href":"https:\/\/sierranativo.com\/en\/wp-json\/wp\/v2\/media?parent=1409"}],"wp:term":[{"taxonomy":"category","embeddable":true,"href":"https:\/\/sierranativo.com\/en\/wp-json\/wp\/v2\/categories?post=1409"},{"taxonomy":"post_tag","embeddable":true,"href":"https:\/\/sierranativo.com\/en\/wp-json\/wp\/v2\/tags?post=1409"}],"curies":[{"name":"wp","href":"https:\/\/api.w.org\/{rel}","templated":true}]}}